{"id":1968,"date":"2026-04-30T19:28:57","date_gmt":"2026-04-30T17:28:57","guid":{"rendered":"https:\/\/www.borghiospitali.org\/?p=1968"},"modified":"2026-04-30T19:32:34","modified_gmt":"2026-04-30T17:32:34","slug":"%f0%9d%97%9c%f0%9d%97%9f-%f0%9d%97%96%f0%9d%97%94%f0%9d%97%a0%f0%9d%97%a0%f0%9d%97%9c%f0%9d%97%a1%f0%9d%97%a2-%f0%9d%97%97%f0%9d%97%98%f0%9d%97%9f%f0%9d%97%9f%f0%9d%97%94-%f0%9d%97%9f%f0%9d%97%9c","status":"publish","type":"post","link":"https:\/\/www.borghiospitali.org\/?p=1968","title":{"rendered":"\ud835\udddc\ud835\udddf \ud835\uddd6\ud835\uddd4\ud835\udde0\ud835\udde0\ud835\udddc\ud835\udde1\ud835\udde2 \ud835\uddd7\ud835\uddd8\ud835\udddf\ud835\udddf\ud835\uddd4 \ud835\udddf\ud835\udddc\ud835\udde1\ud835\uddd8\ud835\uddd4 \ud835\uddda\ud835\udde8\ud835\udde6\ud835\udde7\ud835\uddd4\ud835\udde9"},"content":{"rendered":"\n<p><\/p>\n\n\n<p>Sabato 2 maggio &#8211; dalle ore 8:30<\/p>\n\n\n<p>Una \u201ctappa del cammino\u201d aspettando il cammino<\/p>\n\n\n<p>Un\u2019escursione narrata tra natura e memoria, lungo i sentieri della Seconda Guerra Mondiale, guidati dalla geologa militare Adele Garzarella.<\/p>\n\n\n<p>Dal Sacrario della Brigata Maiella a Taranta Peligna, raggiungeremo Lama dei Peligni per una sosta nel Giardino Botanico del Parco Nazionale della Maiella e arriveremo a Civitella Messer Raimondo dove concluderemo l&#8217;escursione con una pausa ristoro.<\/p>\n\n\n<p>PROGRAMMA<\/p>\n\n\n<p>8.30 &#8211; Ritrovo al Sacrario della Brigata Maiella a Taranta Peligna<\/p>\n\n\n<p>9.00 &#8211; Inizio dell&#8217;escursione lungo il tracciato del Cammino Linea Gustav<\/p>\n\n\n<p>11.00 &#8211; Arrivo a Lama dei Peligni, sosta nel Giardino Botanico del Parco Nazionale della Maiella<\/p>\n\n\n<p>11.30 &#8211; Ripartenza<\/p>\n\n\n<p>14.00 &#8211; Arrivo a Civitella Messer Raimondo, sosta ristoro<\/p>\n\n\n<p>Servizio navetta gratuito<\/p>\n\n\n<p>DIFFICOLT\u00c1: E (Escursionistica) adatta a ragazzi da 10 anni in su.<\/p>\n\n\n<p>LUNGHEZZA: ~ 12 km circa<\/p>\n\n\n<p>DISLIVELLO: ~ 400 m<\/p>\n\n\n<p>DURATA: 6 ore circa, soste comprese<\/p>\n\n\n<p>VESTIARIO: Scarpe da trekking obbligatorie, bastoncini da trekking, pantaloni lunghi, t-shirt, cappello, occhiali da sole, giacca antivento\/antipioggia, t-shirt di ricambio, guanti.<\/p>\n\n\n<p>ATTREZZATURA: Zaino, acqua 1 lt, bastoncini, crema solare, cibo di conforto.<\/p>\n\n\n<p>COSTI: Adulti dai 18 anni in su 15,00 \u20ac; gratuito per i ragazzi al di sotto di 18 anni.<\/p>\n\n\n<p>La quota comprende anche la sosta ristoro all&#8217;arrivo.<\/p>\n\n\n<p>Il pagamento dovr\u00e0 essere effettuato il giorno dell\u2019escursione prima della partenza. L&#8217;attivit\u00e0 sar\u00e0 condotta da una Guida Ambientale Escursionistica (GAE) iscritta ad AIGAE, e vi sar\u00e0 la presenza di un&#8217;esperta geologa-militare. In caso di maltempo, emergenze di ogni tipo o altre cause di forza maggiore, ci sar\u00e0 l&#8217;annullamento o la modifica del programma dell&#8217;escursione.<\/p>\n\n\n<p>\ud835\ude4b\ud835\ude67\ud835\ude5a\ud835\ude63\ud835\ude64\ud835\ude69\ud835\ude56\ud835\ude6f\ud835\ude5e\ud835\ude64\ud835\ude63\ud835\ude5a \ud835\ude64\ud835\ude57\ud835\ude57\ud835\ude61\ud835\ude5e\ud835\ude5c\ud835\ude56\ud835\ude69\ud835\ude64\ud835\ude67\ud835\ude5e\ud835\ude56 \ud835\ude5a\ud835\ude63\ud835\ude69\ud835\ude67\ud835\ude64 \ud835\ude5c\ud835\ude5e\ud835\ude64\ud835\ude6b\ud835\ude5a\ud835\ude59\ud835\ude5e 30 \ud835\ude56\ud835\ude65\ud835\ude67\ud835\ude5e\ud835\ude61\ud835\ude5a<\/p>\n\n\n<p>INFORMAZIONI E PRENOTAZIONI<\/p>\n\n\n<p>Majella Coop: +39 340 680 7479 (WhatsApp)<\/p>\n\n\n<p>email: cooperativamajella@gmail.com<\/p>\n\t\t\n\t\t\t\t\t\t\t\t\t\t\t\t\t\t\t<img fetchpriority=\"high\" decoding=\"async\" width=\"960\" height=\"960\" src=\"https:\/\/www.borghiospitali.org\/wp-content\/uploads\/2026\/04\/684209023_2032913344295811_8275069885479653636_n.jpg\" alt=\"684209023 2032913344295811 8275069885479653636 n\" srcset=\"https:\/\/www.borghiospitali.org\/wp-content\/uploads\/2026\/04\/684209023_2032913344295811_8275069885479653636_n.jpg 960w, https:\/\/www.borghiospitali.org\/wp-content\/uploads\/2026\/04\/684209023_2032913344295811_8275069885479653636_n-300x300.jpg 300w, https:\/\/www.borghiospitali.org\/wp-content\/uploads\/2026\/04\/684209023_2032913344295811_8275069885479653636_n-150x150.jpg 150w, https:\/\/www.borghiospitali.org\/wp-content\/uploads\/2026\/04\/684209023_2032913344295811_8275069885479653636_n-768x768.jpg 768w, https:\/\/www.borghiospitali.org\/wp-content\/uploads\/2026\/04\/684209023_2032913344295811_8275069885479653636_n-12x12.jpg 12w\" sizes=\"(max-width: 960px) 100vw, 960px\" title=\"\ud835\udddc\ud835\udddf \ud835\uddd6\ud835\uddd4\ud835\udde0\ud835\udde0\ud835\udddc\ud835\udde1\ud835\udde2 \ud835\uddd7\ud835\uddd8\ud835\udddf\ud835\udddf\ud835\uddd4 \ud835\udddf\ud835\udddc\ud835\udde1\ud835\uddd8\ud835\uddd4 \ud835\uddda\ud835\udde8\ud835\udde6\ud835\udde7\ud835\uddd4\ud835\udde9\">","protected":false},"excerpt":{"rendered":"<p>Sabato 2 maggio &#8211; dalle ore 8:30 Una \u201ctappa del cammino\u201d aspettando il cammino Un\u2019escursione narrata tra natura e memoria, lungo i sentieri della Seconda Guerra Mondiale, guidati dalla geologa militare Adele Garzarella. Dal Sacrario della Brigata Maiella a Taranta Peligna, raggiungeremo Lama dei Peligni per una sosta nel Giardino Botanico del Parco Nazionale della [&hellip;]<\/p>\n","protected":false},"author":1,"featured_media":1970,"comment_status":"closed","ping_status":"closed","sticky":false,"template":"","format":"standard","meta":{"_uag_custom_page_level_css":"","site-sidebar-layout":"default","site-content-layout":"","ast-site-content-layout":"default","site-content-style":"default","site-sidebar-style":"default","ast-global-header-display":"","ast-banner-title-visibility":"","ast-main-header-display":"","ast-hfb-above-header-display":"","ast-hfb-below-header-display":"","ast-hfb-mobile-header-display":"","site-post-title":"","ast-breadcrumbs-content":"","ast-featured-img":"","footer-sml-layout":"","ast-disable-related-posts":"","theme-transparent-header-meta":"","adv-header-id-meta":"","stick-header-meta":"","header-above-stick-meta":"","header-main-stick-meta":"","header-below-stick-meta":"","astra-migrate-meta-layouts":"set","ast-page-background-enabled":"default","ast-page-background-meta":{"desktop":{"background-color":"","background-image":"","background-repeat":"repeat","background-position":"center center","background-size":"auto","background-attachment":"scroll","background-type":"","background-media":"","overlay-type":"","overlay-color":"","overlay-opacity":"","overlay-gradient":""},"tablet":{"background-color":"","background-image":"","background-repeat":"repeat","background-position":"center center","background-size":"auto","background-attachment":"scroll","background-type":"","background-media":"","overlay-type":"","overlay-color":"","overlay-opacity":"","overlay-gradient":""},"mobile":{"background-color":"","background-image":"","background-repeat":"repeat","background-position":"center center","background-size":"auto","background-attachment":"scroll","background-type":"","background-media":"","overlay-type":"","overlay-color":"","overlay-opacity":"","overlay-gradient":""}},"ast-content-background-meta":{"desktop":{"background-color":"var(--ast-global-color-5)","background-image":"","background-repeat":"repeat","background-position":"center center","background-size":"auto","background-attachment":"scroll","background-type":"","background-media":"","overlay-type":"","overlay-color":"","overlay-opacity":"","overlay-gradient":""},"tablet":{"background-color":"var(--ast-global-color-5)","background-image":"","background-repeat":"repeat","background-position":"center center","background-size":"auto","background-attachment":"scroll","background-type":"","background-media":"","overlay-type":"","overlay-color":"","overlay-opacity":"","overlay-gradient":""},"mobile":{"background-color":"var(--ast-global-color-5)","background-image":"","background-repeat":"repeat","background-position":"center center","background-size":"auto","background-attachment":"scroll","background-type":"","background-media":"","overlay-type":"","overlay-color":"","overlay-opacity":"","overlay-gradient":""}},"footnotes":""},"categories":[6,7],"tags":[],"class_list":["post-1968","post","type-post","status-publish","format-standard","has-post-thumbnail","hentry","category-articoli","category-eventi-e-news"],"uagb_featured_image_src":{"full":["https:\/\/www.borghiospitali.org\/wp-content\/uploads\/2026\/04\/684209023_2032913344295811_8275069885479653636_n.jpg",960,960,false],"thumbnail":["https:\/\/www.borghiospitali.org\/wp-content\/uploads\/2026\/04\/684209023_2032913344295811_8275069885479653636_n-150x150.jpg",150,150,true],"medium":["https:\/\/www.borghiospitali.org\/wp-content\/uploads\/2026\/04\/684209023_2032913344295811_8275069885479653636_n-300x300.jpg",300,300,true],"medium_large":["https:\/\/www.borghiospitali.org\/wp-content\/uploads\/2026\/04\/684209023_2032913344295811_8275069885479653636_n-768x768.jpg",768,768,true],"large":["https:\/\/www.borghiospitali.org\/wp-content\/uploads\/2026\/04\/684209023_2032913344295811_8275069885479653636_n.jpg",960,960,false],"1536x1536":["https:\/\/www.borghiospitali.org\/wp-content\/uploads\/2026\/04\/684209023_2032913344295811_8275069885479653636_n.jpg",960,960,false],"2048x2048":["https:\/\/www.borghiospitali.org\/wp-content\/uploads\/2026\/04\/684209023_2032913344295811_8275069885479653636_n.jpg",960,960,false],"trp-custom-language-flag":["https:\/\/www.borghiospitali.org\/wp-content\/uploads\/2026\/04\/684209023_2032913344295811_8275069885479653636_n-12x12.jpg",12,12,true]},"uagb_author_info":{"display_name":"www.borghiospitali.org","author_link":"https:\/\/www.borghiospitali.org\/?author=1"},"uagb_comment_info":0,"uagb_excerpt":"Sabato 2 maggio &#8211; dalle ore 8:30 Una \u201ctappa del cammino\u201d aspettando il cammino Un\u2019escursione narrata tra natura e memoria, lungo i sentieri della Seconda Guerra Mondiale, guidati dalla geologa militare Adele Garzarella. Dal Sacrario della Brigata Maiella a Taranta Peligna, raggiungeremo Lama dei Peligni per una sosta nel Giardino Botanico del Parco Nazionale della&hellip;","_links":{"self":[{"href":"https:\/\/www.borghiospitali.org\/index.php?rest_route=\/wp\/v2\/posts\/1968","targetHints":{"allow":["GET"]}}],"collection":[{"href":"https:\/\/www.borghiospitali.org\/index.php?rest_route=\/wp\/v2\/posts"}],"about":[{"href":"https:\/\/www.borghiospitali.org\/index.php?rest_route=\/wp\/v2\/types\/post"}],"author":[{"embeddable":true,"href":"https:\/\/www.borghiospitali.org\/index.php?rest_route=\/wp\/v2\/users\/1"}],"replies":[{"embeddable":true,"href":"https:\/\/www.borghiospitali.org\/index.php?rest_route=%2Fwp%2Fv2%2Fcomments&post=1968"}],"version-history":[{"count":4,"href":"https:\/\/www.borghiospitali.org\/index.php?rest_route=\/wp\/v2\/posts\/1968\/revisions"}],"predecessor-version":[{"id":1973,"href":"https:\/\/www.borghiospitali.org\/index.php?rest_route=\/wp\/v2\/posts\/1968\/revisions\/1973"}],"wp:featuredmedia":[{"embeddable":true,"href":"https:\/\/www.borghiospitali.org\/index.php?rest_route=\/wp\/v2\/media\/1970"}],"wp:attachment":[{"href":"https:\/\/www.borghiospitali.org\/index.php?rest_route=%2Fwp%2Fv2%2Fmedia&parent=1968"}],"wp:term":[{"taxonomy":"category","embeddable":true,"href":"https:\/\/www.borghiospitali.org\/index.php?rest_route=%2Fwp%2Fv2%2Fcategories&post=1968"},{"taxonomy":"post_tag","embeddable":true,"href":"https:\/\/www.borghiospitali.org\/index.php?rest_route=%2Fwp%2Fv2%2Ftags&post=1968"}],"curies":[{"name":"wp","href":"https:\/\/api.w.org\/{rel}","templated":true}]}}